{"id":27,"date":"2006-06-02T19:06:53","date_gmt":"2006-06-02T18:06:53","guid":{"rendered":"http:\/\/www.zeichensprecher.de\/wp\/?p=23#zs_top"},"modified":"2006-06-02T19:06:53","modified_gmt":"2006-06-02T18:06:53","slug":"live-3hoch3-aktionskonglomerat","status":"publish","type":"post","link":"https:\/\/www.zeichensprecher.de\/wp\/?p=27","title":{"rendered":"LIVE: 3hoch3 Aktionskonglomerat"},"content":{"rendered":"<p>Am Donnerstag, den 15. Juni 2006 (ab 21:30 h) spielen wir im 3hoch3 Aktionskonglomerat (neben dem Resi-Gel\u00e4nde) in N\u00fcrnberg im Rahmen der Symposiumswoche &#8222;Scharf Schie\u00dfen: Waffen der Kunst, Kunst der Waffen&#8220;.<\/p>\n<p>Interaktive sensorische Musik im wundervollen Ambiente des 3hoch3 mit den fantastischen Leuchtobjekten von Ignazio Tola&#8230; lasst euch das nicht entgehen!<\/p>\n<p>Der Eintritt ist frei!<\/p>\n<p>Hier ist das Programm, ein Anfahrtsplan und alle weiteren Infos:<\/p>\n<p><a href=\"http:\/\/www.zeichensprecher.de\/picBrowser\/galleries\/2006\/3hoch3_aktionskonglomerat\/3hoch3_ausstellung.jpg\" rel=\"lightbox\"><img decoding=\"async\" src=\"http:\/\/www.zeichensprecher.de\/picBrowser\/phpThumb.php?src=galleries\/2006\/3hoch3_aktionskonglomerat\/3hoch3_ausstellung.jpg&#038;w=147&#038;h=150&#038;q=95\" \/><\/a> \u00a0 <a href=\"http:\/\/www.zeichensprecher.de\/picBrowser\/galleries\/2006\/3hoch3_aktionskonglomerat\/3hoch3_programm.jpg\" rel=\"lightbox\"><img decoding=\"async\" src=\"http:\/\/www.zeichensprecher.de\/picBrowser\/phpThumb.php?src=galleries\/2006\/3hoch3_aktionskonglomerat\/3hoch3_programm.jpg&#038;w=150&#038;h=149&#038;q=95\" \/><\/a><\/p>\n<p><b>Update:<\/b><br \/>\nDanke f\u00fcr das sch\u00f6ne Konzert!<br \/>\nBilder und Mitschnitte demn\u00e4chst hier&#8230;<\/p>\n","protected":false},"excerpt":{"rendered":"<p>Am Donnerstag, den 15. Juni 2006 (ab 21:30 h) spielen wir im 3hoch3 Aktionskonglomerat (neben dem Resi-Gel\u00e4nde) in N\u00fcrnberg im Rahmen der Symposiumswoche &#8222;Scharf Schie\u00dfen: Waffen der Kunst, Kunst der Waffen&#8220;. Interaktive sensorische Musik im wundervollen Ambiente des 3hoch3 mit den fantastischen Leuchtobjekten von Ignazio Tola&#8230; lasst euch das nicht entgehen! Der Eintritt ist frei! [&hellip;]<\/p>\n","protected":false},"author":1,"featured_media":0,"comment_status":"open","ping_status":"open","sticky":false,"template":"","format":"standard","meta":[],"categories":[4,6],"tags":[],"_links":{"self":[{"href":"https:\/\/www.zeichensprecher.de\/wp\/index.php?rest_route=\/wp\/v2\/posts\/27"}],"collection":[{"href":"https:\/\/www.zeichensprecher.de\/wp\/index.php?rest_route=\/wp\/v2\/posts"}],"about":[{"href":"https:\/\/www.zeichensprecher.de\/wp\/index.php?rest_route=\/wp\/v2\/types\/post"}],"author":[{"embeddable":true,"href":"https:\/\/www.zeichensprecher.de\/wp\/index.php?rest_route=\/wp\/v2\/users\/1"}],"replies":[{"embeddable":true,"href":"https:\/\/www.zeichensprecher.de\/wp\/index.php?rest_route=%2Fwp%2Fv2%2Fcomments&post=27"}],"version-history":[{"count":0,"href":"https:\/\/www.zeichensprecher.de\/wp\/index.php?rest_route=\/wp\/v2\/posts\/27\/revisions"}],"wp:attachment":[{"href":"https:\/\/www.zeichensprecher.de\/wp\/index.php?rest_route=%2Fwp%2Fv2%2Fmedia&parent=27"}],"wp:term":[{"taxonomy":"category","embeddable":true,"href":"https:\/\/www.zeichensprecher.de\/wp\/index.php?rest_route=%2Fwp%2Fv2%2Fcategories&post=27"},{"taxonomy":"post_tag","embeddable":true,"href":"https:\/\/www.zeichensprecher.de\/wp\/index.php?rest_route=%2Fwp%2Fv2%2Ftags&post=27"}],"curies":[{"name":"wp","href":"https:\/\/api.w.org\/{rel}","templated":true}]}}