{"id":20,"date":"2005-10-22T19:19:07","date_gmt":"2005-10-22T18:19:07","guid":{"rendered":"http:\/\/www.zeichensprecher.de\/wp\/?p=7"},"modified":"2005-10-22T19:19:07","modified_gmt":"2005-10-22T18:19:07","slug":"audiocommanderde-launched","status":"publish","type":"post","link":"https:\/\/www.zeichensprecher.de\/wp\/?p=20","title":{"rendered":"audiocommander.de launch"},"content":{"rendered":"<p>Nachdem sich in letzter Zeit immer mehr Verwirrung \u00fcber verschiedene Zust\u00e4ndigkeiten (Software \/ Kunst im \u00f6ffentlichen Raum \/ Objekte \/ Musik \/ Band) abgezeichnet hat, gibt es in Zukunft eine neue Seite: <a href=\"http:\/\/www.audiocommander.de\">http:\/\/www.audiocommander.de<\/a> <\/p>\n<p align=\"center\"><img decoding=\"async\" src=\"http:\/\/www.audiocommander.de\/pics\/audiocommander_logo.gif\" alt=\"audiocommander\" border=\"0\"\/><\/p>\n<p><a href=\"http:\/\/www.audiocommander.de\">audiocommander.de<\/a> ist ein Blog, in dem ich sehr h\u00e4ufig Neuigkeiten, Berichte \u00fcber mein Aufbaustudium an der Akademie der Bildenden K\u00fcnste N\u00fcrnberg und aktuelle Projekte ver\u00f6ffentlichen werde. Berichte \u00fcber digitale Rechte im Medienzeitalter, elektronische Fundst\u00fccke, Software-Ver\u00f6ffentlichungen und Programmier-Tipps sowie Mac-Downloads werden hier zwar noch bekanntgegeben (soweit sie Musikalisches betreffen), aber ansonsten wird <a href=\"http:\/\/www.zeichensprecher.de\">zeichensprecher.de<\/a> vollst\u00e4ndig auf die Band zeichensprecher ausgerichtet.<\/p>\n<p align=\"left\">Vorerst informiert der Newsletter nach wie vor \u00fcber beides \u2013 Auftritte der Band sowie Ausstellungen interaktiver Musik. Geh\u00f6rt ja auch beides zusammen. <\/p>\n<p align=\"left\">Auf <a href=\"http:\/\/www.audiocommander.de\">audiocommander.de<\/a> gibt es auch die M\u00f6glichkeit Kommentare zu hinterlassen, was hoffentlich rege genutzt wird. Beide Seiten werden aber in der Men\u00fcf\u00fchrung verzahnt, denn ohne die Musik und die Band g\u00e4be es keine Objekte und ohne die Kunst g\u00e4be es die Musik nicht. Wow.<\/p>\n","protected":false},"excerpt":{"rendered":"<p>Nachdem sich in letzter Zeit immer mehr Verwirrung \u00fcber verschiedene Zust\u00e4ndigkeiten (Software \/ Kunst im \u00f6ffentlichen Raum \/ Objekte \/ Musik \/ Band) abgezeichnet hat, gibt es in Zukunft eine neue Seite: http:\/\/www.audiocommander.de audiocommander.de ist ein Blog, in dem ich sehr h\u00e4ufig Neuigkeiten, Berichte \u00fcber mein Aufbaustudium an der Akademie der Bildenden K\u00fcnste N\u00fcrnberg und [&hellip;]<\/p>\n","protected":false},"author":1,"featured_media":0,"comment_status":"open","ping_status":"open","sticky":false,"template":"","format":"standard","meta":[],"categories":[6],"tags":[],"_links":{"self":[{"href":"https:\/\/www.zeichensprecher.de\/wp\/index.php?rest_route=\/wp\/v2\/posts\/20"}],"collection":[{"href":"https:\/\/www.zeichensprecher.de\/wp\/index.php?rest_route=\/wp\/v2\/posts"}],"about":[{"href":"https:\/\/www.zeichensprecher.de\/wp\/index.php?rest_route=\/wp\/v2\/types\/post"}],"author":[{"embeddable":true,"href":"https:\/\/www.zeichensprecher.de\/wp\/index.php?rest_route=\/wp\/v2\/users\/1"}],"replies":[{"embeddable":true,"href":"https:\/\/www.zeichensprecher.de\/wp\/index.php?rest_route=%2Fwp%2Fv2%2Fcomments&post=20"}],"version-history":[{"count":0,"href":"https:\/\/www.zeichensprecher.de\/wp\/index.php?rest_route=\/wp\/v2\/posts\/20\/revisions"}],"wp:attachment":[{"href":"https:\/\/www.zeichensprecher.de\/wp\/index.php?rest_route=%2Fwp%2Fv2%2Fmedia&parent=20"}],"wp:term":[{"taxonomy":"category","embeddable":true,"href":"https:\/\/www.zeichensprecher.de\/wp\/index.php?rest_route=%2Fwp%2Fv2%2Fcategories&post=20"},{"taxonomy":"post_tag","embeddable":true,"href":"https:\/\/www.zeichensprecher.de\/wp\/index.php?rest_route=%2Fwp%2Fv2%2Ftags&post=20"}],"curies":[{"name":"wp","href":"https:\/\/api.w.org\/{rel}","templated":true}]}}